{"id":3193,"date":"2022-04-03T18:08:48","date_gmt":"2022-04-03T16:08:48","guid":{"rendered":"https:\/\/afamiguelhernandez.org\/?p=3193"},"modified":"2022-04-03T18:12:51","modified_gmt":"2022-04-03T16:12:51","slug":"subvencion-de-la-diputacion-de-alicante","status":"publish","type":"post","link":"https:\/\/afamiguelhernandez.org\/index.php\/2022\/04\/03\/subvencion-de-la-diputacion-de-alicante\/","title":{"rendered":"Subvenci\u00f3n de la Diputaci\u00f3n de Alicante"},"content":{"rendered":"\t\t<div data-elementor-type=\"wp-post\" data-elementor-id=\"3193\" class=\"elementor elementor-3193\">\n\t\t\t\t\t\t<section class=\"elementor-section elementor-top-section elementor-element elementor-element-5bf7cdd elementor-section-boxed elementor-section-height-default elementor-section-height-default\" data-id=\"5bf7cdd\" data-element_type=\"section\" data-e-type=\"section\">\n\t\t\t\t\t\t<div class=\"elementor-container elementor-column-gap-default\">\n\t\t\t\t\t<div class=\"elementor-column elementor-col-100 elementor-top-column elementor-element elementor-element-8777077\" data-id=\"8777077\" data-element_type=\"column\" data-e-type=\"column\">\n\t\t\t<div class=\"elementor-widget-wrap elementor-element-populated\">\n\t\t\t\t\t\t<div class=\"elementor-element elementor-element-0a7deba elementor-widget elementor-widget-heading\" data-id=\"0a7deba\" data-element_type=\"widget\" data-e-type=\"widget\" data-widget_type=\"heading.default\">\n\t\t\t\t<div class=\"elementor-widget-container\">\n\t\t\t\t\t<h2 class=\"elementor-heading-title elementor-size-default\">Subvenci\u00f3n de la Diputaci\u00f3n de Alicante<\/h2>\t\t\t\t<\/div>\n\t\t\t\t<\/div>\n\t\t\t\t\t<\/div>\n\t\t<\/div>\n\t\t\t\t\t<\/div>\n\t\t<\/section>\n\t\t\t\t<section class=\"elementor-section elementor-top-section elementor-element elementor-element-9489683 elementor-section-boxed elementor-section-height-default elementor-section-height-default\" data-id=\"9489683\" data-element_type=\"section\" data-e-type=\"section\">\n\t\t\t\t\t\t<div class=\"elementor-container elementor-column-gap-default\">\n\t\t\t\t\t<div class=\"elementor-column elementor-col-50 elementor-top-column elementor-element elementor-element-c81e9ca\" data-id=\"c81e9ca\" data-element_type=\"column\" data-e-type=\"column\">\n\t\t\t<div class=\"elementor-widget-wrap elementor-element-populated\">\n\t\t\t\t\t\t<div class=\"elementor-element elementor-element-ff6f651 elementor-widget elementor-widget-text-editor\" data-id=\"ff6f651\" data-element_type=\"widget\" data-e-type=\"widget\" data-widget_type=\"text-editor.default\">\n\t\t\t\t<div class=\"elementor-widget-container\">\n\t\t\t\t\t\t\t\t\t<p>Queremos agradecer a la Diputaci\u00f3n Provincial de Alicante la subvenci\u00f3n para actividades de OCIO Y TIEMPO LIBRE. En la convocatoria de subvenciones dirigida a Asociaciones y dem\u00e1s Entidades privadas sin fin de lucro,\u00a0<strong>destinadas a sufragar gastos de desplazamiento de actividades de promoci\u00f3n de la convivencia<\/strong>, por valor de 500,01\u20ac.<\/p><p>Desde AFA Miguel Hern\u00e1ndez, damos las gracias por hacer m\u00e1s f\u00e1cil nuestra labor.<\/p>\t\t\t\t\t\t\t\t<\/div>\n\t\t\t\t<\/div>\n\t\t\t\t\t<\/div>\n\t\t<\/div>\n\t\t\t\t<div class=\"elementor-column elementor-col-50 elementor-top-column elementor-element elementor-element-01dbe2b\" data-id=\"01dbe2b\" data-element_type=\"column\" data-e-type=\"column\">\n\t\t\t<div class=\"elementor-widget-wrap elementor-element-populated\">\n\t\t\t\t\t\t<div class=\"elementor-element elementor-element-0b9a27d elementor-widget elementor-widget-image\" data-id=\"0b9a27d\" data-element_type=\"widget\" data-e-type=\"widget\" data-widget_type=\"image.default\">\n\t\t\t\t<div class=\"elementor-widget-container\">\n\t\t\t\t\t\t\t\t\t\t\t\t\t\t\t<img fetchpriority=\"high\" decoding=\"async\" width=\"1024\" height=\"519\" src=\"https:\/\/afamiguelhernandez.org\/wp-content\/uploads\/2021\/08\/WhatsApp-Image-2021-08-09-at-19.17.05-1024x519.jpeg\" class=\"attachment-large size-large wp-image-2321\" alt=\"Donaci\u00f3n diputaci\u00f3n de alicante\" srcset=\"https:\/\/afamiguelhernandez.org\/wp-content\/uploads\/2021\/08\/WhatsApp-Image-2021-08-09-at-19.17.05-1024x519.jpeg 1024w, https:\/\/afamiguelhernandez.org\/wp-content\/uploads\/2021\/08\/WhatsApp-Image-2021-08-09-at-19.17.05-300x152.jpeg 300w, https:\/\/afamiguelhernandez.org\/wp-content\/uploads\/2021\/08\/WhatsApp-Image-2021-08-09-at-19.17.05-768x389.jpeg 768w, https:\/\/afamiguelhernandez.org\/wp-content\/uploads\/2021\/08\/WhatsApp-Image-2021-08-09-at-19.17.05.jpeg 1080w\" sizes=\"(max-width: 1024px) 100vw, 1024px\" \/>\t\t\t\t\t\t\t\t\t\t\t\t\t\t\t<\/div>\n\t\t\t\t<\/div>\n\t\t\t\t<div class=\"elementor-element elementor-element-f909a19 elementor-widget elementor-widget-heading\" data-id=\"f909a19\" data-element_type=\"widget\" data-e-type=\"widget\" data-widget_type=\"heading.default\">\n\t\t\t\t<div class=\"elementor-widget-container\">\n\t\t\t\t\t<h6 class=\"elementor-heading-title elementor-size-default\">05\/08\/2021<\/h6>\t\t\t\t<\/div>\n\t\t\t\t<\/div>\n\t\t\t\t\t<\/div>\n\t\t<\/div>\n\t\t\t\t\t<\/div>\n\t\t<\/section>\n\t\t\t\t<section class=\"elementor-section elementor-top-section elementor-element elementor-element-eedd8bb elementor-section-boxed elementor-section-height-default elementor-section-height-default\" data-id=\"eedd8bb\" data-element_type=\"section\" data-e-type=\"section\">\n\t\t\t\t\t\t<div class=\"elementor-container elementor-column-gap-default\">\n\t\t\t\t\t<div class=\"elementor-column elementor-col-100 elementor-top-column elementor-element elementor-element-ce419c2\" data-id=\"ce419c2\" data-element_type=\"column\" data-e-type=\"column\">\n\t\t\t<div class=\"elementor-widget-wrap\">\n\t\t\t\t\t\t\t<\/div>\n\t\t<\/div>\n\t\t\t\t\t<\/div>\n\t\t<\/section>\n\t\t\t\t<\/div>\n\t\t","protected":false},"excerpt":{"rendered":"<p>Subvenci\u00f3n de la Diputaci\u00f3n de Alicante Queremos agradecer a la Diputaci\u00f3n Provincial de Alicante la subvenci\u00f3n para actividades de OCIO Y TIEMPO LIBRE. En la convocatoria de subvenciones dirigida a Asociaciones y dem\u00e1s Entidades privadas sin fin de lucro,\u00a0destinadas a sufragar gastos de desplazamiento de actividades de promoci\u00f3n de la convivencia, por valor de 500,01\u20ac. [&hellip;]<\/p>\n","protected":false},"author":2,"featured_media":0,"comment_status":"open","ping_status":"open","sticky":false,"template":"","format":"standard","meta":{"site-sidebar-layout":"default","site-content-layout":"default","ast-site-content-layout":"default","site-content-style":"default","site-sidebar-style":"default","ast-global-header-display":"","ast-banner-title-visibility":"","ast-main-header-display":"","ast-hfb-above-header-display":"","ast-hfb-below-header-display":"","ast-hfb-mobile-header-display":"","site-post-title":"disabled","ast-breadcrumbs-content":"","ast-featured-img":"disabled","footer-sml-layout":"","ast-disable-related-posts":"","theme-transparent-header-meta":"default","adv-header-id-meta":"","stick-header-meta":"","header-above-stick-meta":"","header-main-stick-meta":"","header-below-stick-meta":"","astra-migrate-meta-layouts":"default","ast-page-background-enabled":"default","ast-page-background-meta":{"desktop":{"background-color":"","background-image":"","background-repeat":"repeat","background-position":"center center","background-size":"auto","background-attachment":"scroll","background-type":"","background-media":"","overlay-type":"","overlay-color":"","overlay-opacity":"","overlay-gradient":""},"tablet":{"background-color":"","background-image":"","background-repeat":"repeat","background-position":"center center","background-size":"auto","background-attachment":"scroll","background-type":"","background-media":"","overlay-type":"","overlay-color":"","overlay-opacity":"","overlay-gradient":""},"mobile":{"background-color":"","background-image":"","background-repeat":"repeat","background-position":"center center","background-size":"auto","background-attachment":"scroll","background-type":"","background-media":"","overlay-type":"","overlay-color":"","overlay-opacity":"","overlay-gradient":""}},"ast-content-background-meta":{"desktop":{"background-color":"var(--ast-global-color-5)","background-image":"","background-repeat":"repeat","background-position":"center center","background-size":"auto","background-attachment":"scroll","background-type":"","background-media":"","overlay-type":"","overlay-color":"","overlay-opacity":"","overlay-gradient":""},"tablet":{"background-color":"var(--ast-global-color-5)","background-image":"","background-repeat":"repeat","background-position":"center center","background-size":"auto","background-attachment":"scroll","background-type":"","background-media":"","overlay-type":"","overlay-color":"","overlay-opacity":"","overlay-gradient":""},"mobile":{"background-color":"var(--ast-global-color-5)","background-image":"","background-repeat":"repeat","background-position":"center center","background-size":"auto","background-attachment":"scroll","background-type":"","background-media":"","overlay-type":"","overlay-color":"","overlay-opacity":"","overlay-gradient":""}},"footnotes":""},"categories":[10],"tags":[],"class_list":["post-3193","post","type-post","status-publish","format-standard","hentry","category-subvencion"],"_links":{"self":[{"href":"https:\/\/afamiguelhernandez.org\/index.php\/wp-json\/wp\/v2\/posts\/3193"}],"collection":[{"href":"https:\/\/afamiguelhernandez.org\/index.php\/wp-json\/wp\/v2\/posts"}],"about":[{"href":"https:\/\/afamiguelhernandez.org\/index.php\/wp-json\/wp\/v2\/types\/post"}],"author":[{"embeddable":true,"href":"https:\/\/afamiguelhernandez.org\/index.php\/wp-json\/wp\/v2\/users\/2"}],"replies":[{"embeddable":true,"href":"https:\/\/afamiguelhernandez.org\/index.php\/wp-json\/wp\/v2\/comments?post=3193"}],"version-history":[{"count":7,"href":"https:\/\/afamiguelhernandez.org\/index.php\/wp-json\/wp\/v2\/posts\/3193\/revisions"}],"predecessor-version":[{"id":3200,"href":"https:\/\/afamiguelhernandez.org\/index.php\/wp-json\/wp\/v2\/posts\/3193\/revisions\/3200"}],"wp:attachment":[{"href":"https:\/\/afamiguelhernandez.org\/index.php\/wp-json\/wp\/v2\/media?parent=3193"}],"wp:term":[{"taxonomy":"category","embeddable":true,"href":"https:\/\/afamiguelhernandez.org\/index.php\/wp-json\/wp\/v2\/categories?post=3193"},{"taxonomy":"post_tag","embeddable":true,"href":"https:\/\/afamiguelhernandez.org\/index.php\/wp-json\/wp\/v2\/tags?post=3193"}],"curies":[{"name":"wp","href":"https:\/\/api.w.org\/{rel}","templated":true}]}}