{"id":5708,"date":"2022-09-28T19:42:39","date_gmt":"2022-09-28T17:42:39","guid":{"rendered":"https:\/\/afamiguelhernandez.org\/?p=5708"},"modified":"2023-06-29T11:43:57","modified_gmt":"2023-06-29T09:43:57","slug":"esposicion-fotografica-me-llamo-me-llaman","status":"publish","type":"post","link":"https:\/\/afamiguelhernandez.org\/index.php\/2022\/09\/28\/esposicion-fotografica-me-llamo-me-llaman\/","title":{"rendered":"EXPOSICI\u00d3N FOTOGR\u00c1FICA ME LLAMO ME LLAMAN"},"content":{"rendered":"\t\t<div data-elementor-type=\"wp-post\" data-elementor-id=\"5708\" class=\"elementor elementor-5708\">\n\t\t\t\t\t\t<section class=\"elementor-section elementor-top-section elementor-element elementor-element-d843b17 elementor-section-boxed elementor-section-height-default elementor-section-height-default\" data-id=\"d843b17\" data-element_type=\"section\" data-e-type=\"section\">\n\t\t\t\t\t\t<div class=\"elementor-container elementor-column-gap-default\">\n\t\t\t\t\t<div class=\"elementor-column elementor-col-100 elementor-top-column elementor-element elementor-element-84a8769\" data-id=\"84a8769\" data-element_type=\"column\" data-e-type=\"column\">\n\t\t\t<div class=\"elementor-widget-wrap elementor-element-populated\">\n\t\t\t\t\t\t<div class=\"elementor-element elementor-element-5ee52bc elementor-widget elementor-widget-text-editor\" data-id=\"5ee52bc\" data-element_type=\"widget\" data-e-type=\"widget\" data-widget_type=\"text-editor.default\">\n\t\t\t\t<div class=\"elementor-widget-container\">\n\t\t\t\t\t\t\t\t\t<p>Como todos sab\u00e9is la Asociaci\u00f3n ha participado este a\u00f1o en el proyecto fotogr\u00e1fico \u201c<strong>ME LLAMO, ME LLAMAN<\/strong>\u201d. El gran trabajo fotogr\u00e1fico realizado por Benjam\u00edn Serrano y Cristian Serrano de Bubo Media ha quedado precioso, las fotograf\u00edas realizadas a las personas usuarias de nuestra Asociaci\u00f3n son unos retratos art\u00edsticos que han sido tratados con una sensibilidad y emoci\u00f3n especial.<\/p><p>\ud83d\udc49 La realizaci\u00f3n de las im\u00e1genes resultantes, ten\u00edan y tienen como objetivo principal crear una exposici\u00f3n final, as\u00ed como sus posibles usos en noticias y redes para sensibilizar a la poblaci\u00f3n general sobre la Enfermedad de Alzheimer y otras demencias.<\/p><p>\ud83d\udc49 La Asociaci\u00f3n cuenta con la cesi\u00f3n desinteresada de las im\u00e1genes para su exposici\u00f3n del 14 de octubre al 28 de octubre. Dicha exposici\u00f3n se realizar\u00e1 en el siguiente punto de la comarca:<\/p><p>\u27a1\ufe0f Sala de Exposiciones de Rafal: Estar\u00e1 expuesto del 14 de octubre al 28 de octubre de 8:00h a 15:00h.<\/p><p>\ud83d\udc9a Os invitamos a que vay\u00e1is a disfrutar de esta exposici\u00f3n tan bonita y tan \u201cnuestra\u201d, y a que invit\u00e9is a vuestros seres queridos y allegados con el fin de acercar y sensibilizar sobre el Alzheimer y otras demencias.<\/p><p>\u00abSi ellos no te recuerdan, t\u00fa no les olvides\u00bb. \ud83d\udc9a<\/p><p>AFA MIGUEL HERN\u00c1NDEZ\u00a0<\/p>\t\t\t\t\t\t\t\t<\/div>\n\t\t\t\t<\/div>\n\t\t\t\t<div class=\"elementor-element elementor-element-74dc495 elementor-widget elementor-widget-image\" data-id=\"74dc495\" data-element_type=\"widget\" data-e-type=\"widget\" data-widget_type=\"image.default\">\n\t\t\t\t<div class=\"elementor-widget-container\">\n\t\t\t\t\t\t\t\t\t\t\t\t\t\t\t<img fetchpriority=\"high\" decoding=\"async\" width=\"767\" height=\"1024\" src=\"https:\/\/afamiguelhernandez.org\/wp-content\/uploads\/2022\/09\/CARTEL-EXPOSICIOiN-ME-LLAMO-ME-LLAMAN.pdf-767x1024.png\" class=\"attachment-large size-large wp-image-5906\" alt=\"\" srcset=\"https:\/\/afamiguelhernandez.org\/wp-content\/uploads\/2022\/09\/CARTEL-EXPOSICIOiN-ME-LLAMO-ME-LLAMAN.pdf-767x1024.png 767w, https:\/\/afamiguelhernandez.org\/wp-content\/uploads\/2022\/09\/CARTEL-EXPOSICIOiN-ME-LLAMO-ME-LLAMAN.pdf-225x300.png 225w, https:\/\/afamiguelhernandez.org\/wp-content\/uploads\/2022\/09\/CARTEL-EXPOSICIOiN-ME-LLAMO-ME-LLAMAN.pdf-768x1025.png 768w, https:\/\/afamiguelhernandez.org\/wp-content\/uploads\/2022\/09\/CARTEL-EXPOSICIOiN-ME-LLAMO-ME-LLAMAN.pdf-1151x1536.png 1151w, https:\/\/afamiguelhernandez.org\/wp-content\/uploads\/2022\/09\/CARTEL-EXPOSICIOiN-ME-LLAMO-ME-LLAMAN.pdf.png 1499w\" sizes=\"(max-width: 767px) 100vw, 767px\" \/>\t\t\t\t\t\t\t\t\t\t\t\t\t\t\t<\/div>\n\t\t\t\t<\/div>\n\t\t\t\t\t<\/div>\n\t\t<\/div>\n\t\t\t\t\t<\/div>\n\t\t<\/section>\n\t\t\t\t<section class=\"elementor-section elementor-top-section elementor-element elementor-element-76a3139 elementor-section-boxed elementor-section-height-default elementor-section-height-default\" data-id=\"76a3139\" data-element_type=\"section\" data-e-type=\"section\">\n\t\t\t\t\t\t<div class=\"elementor-container elementor-column-gap-default\">\n\t\t\t\t\t<div class=\"elementor-column elementor-col-100 elementor-top-column elementor-element elementor-element-6e6944b\" data-id=\"6e6944b\" data-element_type=\"column\" data-e-type=\"column\">\n\t\t\t<div class=\"elementor-widget-wrap elementor-element-populated\">\n\t\t\t\t\t\t<div class=\"elementor-element elementor-element-dd664a0 elementor-widget elementor-widget-image\" data-id=\"dd664a0\" data-element_type=\"widget\" data-e-type=\"widget\" data-widget_type=\"image.default\">\n\t\t\t\t<div class=\"elementor-widget-container\">\n\t\t\t\t\t\t\t\t\t\t\t\t\t\t\t<img decoding=\"async\" src=\"https:\/\/afamiguelhernandez.org\/wp-content\/uploads\/2022\/09\/CARTEL-EXPOSICIOiN-ME-LLAMO-ME-LLAMAN.pdf-1.png\" title=\"\" alt=\"\" loading=\"lazy\" \/>\t\t\t\t\t\t\t\t\t\t\t\t\t\t\t<\/div>\n\t\t\t\t<\/div>\n\t\t\t\t\t<\/div>\n\t\t<\/div>\n\t\t\t\t\t<\/div>\n\t\t<\/section>\n\t\t\t\t<\/div>\n\t\t","protected":false},"excerpt":{"rendered":"<p>Como todos sab\u00e9is la Asociaci\u00f3n ha participado este a\u00f1o en el proyecto fotogr\u00e1fico \u201cME LLAMO, ME LLAMAN\u201d. El gran trabajo fotogr\u00e1fico realizado por Benjam\u00edn Serrano y Cristian Serrano de Bubo Media ha quedado precioso, las fotograf\u00edas realizadas a las personas usuarias de nuestra Asociaci\u00f3n son unos retratos art\u00edsticos que han sido tratados con una sensibilidad [&hellip;]<\/p>\n","protected":false},"author":2,"featured_media":0,"comment_status":"open","ping_status":"open","sticky":false,"template":"","format":"standard","meta":{"site-sidebar-layout":"default","site-content-layout":"default","ast-site-content-layout":"default","site-content-style":"default","site-sidebar-style":"default","ast-global-header-display":"","ast-banner-title-visibility":"","ast-main-header-display":"","ast-hfb-above-header-display":"","ast-hfb-below-header-display":"","ast-hfb-mobile-header-display":"","site-post-title":"","ast-breadcrumbs-content":"","ast-featured-img":"","footer-sml-layout":"","ast-disable-related-posts":"","theme-transparent-header-meta":"default","adv-header-id-meta":"","stick-header-meta":"","header-above-stick-meta":"","header-main-stick-meta":"","header-below-stick-meta":"","astra-migrate-meta-layouts":"default","ast-page-background-enabled":"default","ast-page-background-meta":{"desktop":{"background-color":"","background-image":"","background-repeat":"repeat","background-position":"center center","background-size":"auto","background-attachment":"scroll","background-type":"","background-media":"","overlay-type":"","overlay-color":"","overlay-opacity":"","overlay-gradient":""},"tablet":{"background-color":"","background-image":"","background-repeat":"repeat","background-position":"center center","background-size":"auto","background-attachment":"scroll","background-type":"","background-media":"","overlay-type":"","overlay-color":"","overlay-opacity":"","overlay-gradient":""},"mobile":{"background-color":"","background-image":"","background-repeat":"repeat","background-position":"center center","background-size":"auto","background-attachment":"scroll","background-type":"","background-media":"","overlay-type":"","overlay-color":"","overlay-opacity":"","overlay-gradient":""}},"ast-content-background-meta":{"desktop":{"background-color":"var(--ast-global-color-5)","background-image":"","background-repeat":"repeat","background-position":"center center","background-size":"auto","background-attachment":"scroll","background-type":"","background-media":"","overlay-type":"","overlay-color":"","overlay-opacity":"","overlay-gradient":""},"tablet":{"background-color":"var(--ast-global-color-5)","background-image":"","background-repeat":"repeat","background-position":"center center","background-size":"auto","background-attachment":"scroll","background-type":"","background-media":"","overlay-type":"","overlay-color":"","overlay-opacity":"","overlay-gradient":""},"mobile":{"background-color":"var(--ast-global-color-5)","background-image":"","background-repeat":"repeat","background-position":"center center","background-size":"auto","background-attachment":"scroll","background-type":"","background-media":"","overlay-type":"","overlay-color":"","overlay-opacity":"","overlay-gradient":""}},"footnotes":""},"categories":[1],"tags":[],"class_list":["post-5708","post","type-post","status-publish","format-standard","hentry","category-eventos"],"_links":{"self":[{"href":"https:\/\/afamiguelhernandez.org\/index.php\/wp-json\/wp\/v2\/posts\/5708"}],"collection":[{"href":"https:\/\/afamiguelhernandez.org\/index.php\/wp-json\/wp\/v2\/posts"}],"about":[{"href":"https:\/\/afamiguelhernandez.org\/index.php\/wp-json\/wp\/v2\/types\/post"}],"author":[{"embeddable":true,"href":"https:\/\/afamiguelhernandez.org\/index.php\/wp-json\/wp\/v2\/users\/2"}],"replies":[{"embeddable":true,"href":"https:\/\/afamiguelhernandez.org\/index.php\/wp-json\/wp\/v2\/comments?post=5708"}],"version-history":[{"count":38,"href":"https:\/\/afamiguelhernandez.org\/index.php\/wp-json\/wp\/v2\/posts\/5708\/revisions"}],"predecessor-version":[{"id":7663,"href":"https:\/\/afamiguelhernandez.org\/index.php\/wp-json\/wp\/v2\/posts\/5708\/revisions\/7663"}],"wp:attachment":[{"href":"https:\/\/afamiguelhernandez.org\/index.php\/wp-json\/wp\/v2\/media?parent=5708"}],"wp:term":[{"taxonomy":"category","embeddable":true,"href":"https:\/\/afamiguelhernandez.org\/index.php\/wp-json\/wp\/v2\/categories?post=5708"},{"taxonomy":"post_tag","embeddable":true,"href":"https:\/\/afamiguelhernandez.org\/index.php\/wp-json\/wp\/v2\/tags?post=5708"}],"curies":[{"name":"wp","href":"https:\/\/api.w.org\/{rel}","templated":true}]}}